{"id":1212,"date":"2026-09-01T22:58:35","date_gmt":"2026-09-01T20:58:35","guid":{"rendered":"https:\/\/francaises-ethniques.com\/?p=1212"},"modified":"2026-09-01T23:25:29","modified_gmt":"2026-09-01T21:25:29","slug":"la-napoule-boat-show-34-ans-de-rituel-nautique","status":"publish","type":"post","link":"https:\/\/francaises-ethniques.com\/index.php\/2026\/09\/01\/la-napoule-boat-show-34-ans-de-rituel-nautique\/","title":{"rendered":"La Napoule Boat Show : 34 ans de rituel nautique"},"content":{"rendered":"\t\t<div data-elementor-type=\"wp-post\" data-elementor-id=\"1212\" class=\"elementor elementor-1212\">\n\t\t\t\t<div class=\"elementor-element elementor-element-f79a92f e-con-full e-flex e-con e-parent\" data-id=\"f79a92f\" data-element_type=\"container\" data-e-type=\"container\">\n\t\t\t\t<div class=\"elementor-element elementor-element-f4d1b83 elementor-widget__width-initial elementor-widget elementor-widget-heading\" data-id=\"f4d1b83\" data-element_type=\"widget\" data-e-type=\"widget\" data-widget_type=\"heading.default\">\n\t\t\t\t\t<h2 class=\"elementor-heading-title elementor-size-default\"><h2><span style=\"font-weight: 400\">34 ans de rituel nautique, entre vraies p\u00e9pites et vernis vert<\/span><\/h2><\/h2>\t\t\t\t<\/div>\n\t\t\t\t<\/div>\n\t\t<div class=\"elementor-element elementor-element-9f388b4 e-con-full e-flex e-con e-parent\" data-id=\"9f388b4\" data-element_type=\"container\" data-e-type=\"container\">\n\t\t<div class=\"elementor-element elementor-element-fa9799c e-con-full e-flex e-con e-child\" data-id=\"fa9799c\" data-element_type=\"container\" data-e-type=\"container\" data-settings=\"{&quot;background_background&quot;:&quot;classic&quot;}\">\n\t\t\t\t<div class=\"elementor-element elementor-element-01316eb elementor-widget elementor-widget-text-editor\" data-id=\"01316eb\" data-element_type=\"widget\" data-e-type=\"widget\" data-widget_type=\"text-editor.default\">\n\t\t\t\t\t\t\t\t\t<p><span style=\"font-weight: 400;\">Du 23 au 26 avril 2026, le Port La Napoule retrouvera son d\u00e9cor de printemps habituel : coques blanches align\u00e9es le long des pontons, h\u00e9lices qui brillent sous le soleil de l&rsquo;Esterel, et cette agitation particuli\u00e8re des salons nautiques qui savent qu&rsquo;ils n&rsquo;ont plus rien \u00e0 prouver. La Napoule Boat Show f\u00eate sa 34e \u00e9dition, un chiffre que l&rsquo;organisation aime rappeler comme un gage de s\u00e9rieux. Il l&rsquo;est. Reste \u00e0 savoir ce qu&rsquo;on c\u00e9l\u00e8bre exactement sous cette long\u00e9vit\u00e9.<\/span><\/p><h3><span style=\"font-weight: 400;\">Un rendez-vous devenu institution<\/span><\/h3><p><span style=\"font-weight: 400;\">Plus de cent marques internationales, une cinquantaine de stands \u00e0 terre, environ deux cents unit\u00e9s \u00e0 flot de 4 \u00e0 26 m\u00e8tres : sur le papier, La Napoule Boat Show a toutes les allures d&rsquo;un salon g\u00e9n\u00e9raliste r\u00e9ussi. On y croise aussi bien des noms grand public (Bayliner, Jeanneau, Quicksilver) que des maisons plus haut de gamme (Sunseeker, Princess, Riva, Fairline). Le port lui-m\u00eame, avec ses 913 postes d&rsquo;amarrage et son statut de premier port m\u00e9diterran\u00e9en en nombre de marques repr\u00e9sent\u00e9es, n&rsquo;a pas \u00e0 rougir de son standing. Le cadre \u2014 entre les roches rouges de l&rsquo;Esterel et le Ch\u00e2teau de La Napoule, face aux L\u00e9rins \u2014 fait le reste : peu de salons nautiques peuvent se targuer d&rsquo;un tel d\u00e9cor de carte postale.<\/span><\/p><h2><span style=\"font-weight: 400;\">Les vrais coups de c\u0153ur<\/span><\/h2><p><span style=\"font-weight: 400;\">Au milieu du catalogue de coques et de chevaux fiscaux, deux ou trois choses m\u00e9ritent qu&rsquo;on s&rsquo;y arr\u00eate vraiment.<\/span><\/p><p><span style=\"font-weight: 400;\">D&rsquo;abord, l&rsquo;initiation \u00e0 la navigation sportive du samedi 25 avril, \u00e0 bord d&rsquo;un Sailing 40, pour 10 euros. C&rsquo;est peu de chose sur le papier, coinc\u00e9 entre les stands des concessionnaires, mais c&rsquo;est probablement le geste le plus honn\u00eate du salon : une heure de sensation r\u00e9elle, en mer, sans qu&rsquo;il soit besoin de sortir un ch\u00e9quier \u00e0 six chiffres. C&rsquo;est aussi, \u00e0 mon sens, le seul moment du week-end o\u00f9 le salon parle vraiment \u00e0 quelqu&rsquo;un qui n&rsquo;a pas d\u00e9j\u00e0 un bateau.<\/span><\/p><p><span style=\"font-weight: 400;\">Ensuite, le syst\u00e8me de r\u00e9cup\u00e9ration des eaux grises et noires install\u00e9 sur le quai R depuis l&rsquo;hiver 2018-2019, pour les unit\u00e9s de plus de 25 m\u00e8tres, avec son r\u00e9seau sous vide et ses pompes d\u00e9di\u00e9es. Ce n&rsquo;est pas spectaculaire, \u00e7a ne se photographie pas, mais c&rsquo;est le genre d&rsquo;investissement qui change r\u00e9ellement la qualit\u00e9 de l&rsquo;eau d&rsquo;un port plut\u00f4t que de simplement le proclamer. M\u00eame chose pour la nurserie \u00e0 poissons cr\u00e9\u00e9e sur le site : une initiative discr\u00e8te, sans doute plus utile \u00e0 la biodiversit\u00e9 sous-marine que bien des \u00e9l\u00e9ments de langage qu&rsquo;on lit ailleurs sur le nautisme \u00ab responsable \u00bb.<\/span><\/p><p><span style=\"font-weight: 400;\">Enfin, le quai catamaran livr\u00e9 en 2017 \u2014 premier de la C\u00f4te d&rsquo;Azur enti\u00e8rement d\u00e9di\u00e9 \u00e0 ce type d&rsquo;unit\u00e9s \u2014 a eu le m\u00e9rite d&rsquo;anticiper une tendance que d&rsquo;autres ports azur\u00e9ens ont mis des ann\u00e9es \u00e0 suivre.<\/span><\/p><h2>\u00a0<\/h2>\t\t\t\t\t\t\t\t<\/div>\n\t\t\t\t<\/div>\n\t\t\t\t<div class=\"elementor-element elementor-element-9736a29 elementor-widget__width-initial elementor-widget elementor-widget-text-editor\" data-id=\"9736a29\" data-element_type=\"widget\" data-e-type=\"widget\" data-widget_type=\"text-editor.default\">\n\t\t\t\t\t\t\t\t\t<h3>Le point qui m\u00e9rite d&rsquo;\u00eatre pos\u00e9 sur la table<\/h3><p>C&rsquo;est l\u00e0 que ma lecture s&rsquo;\u00e9carte de ce qu&rsquo;on lira sans doute ailleurs cette semaine, o\u00f9 l&rsquo;accent sera mis, comme chaque ann\u00e9e, sur le label Pavillon Bleu d\u00e9tenu depuis vingt-trois ans, les certifications Ports Propres, et l&rsquo;image d&rsquo;un salon \u00ab familial et convivial \u00bb. Tout cela est vrai. Mais l&rsquo;affichage environnemental d&rsquo;un salon qui expose dans le m\u00eame mouvement des unit\u00e9s jusqu&rsquo;\u00e0 26 m\u00e8tres \u00e0 flot et des places pour des yachts jusqu&rsquo;\u00e0 52 m\u00e8tres m\u00e9rite d&rsquo;\u00eatre regard\u00e9 avec un peu de recul plut\u00f4t que repris tel quel.<\/p><p>Un port peut \u00eatre exemplaire dans sa gestion des eaux us\u00e9es, du tri s\u00e9lectif et de la biodiversit\u00e9 littorale, et rester, dans le m\u00eame temps, la vitrine d&rsquo;un march\u00e9 dont l&#8217;empreinte carbone individuelle \u2014 construction, motorisation, avitaillement en carburant, entretien \u2014 n&rsquo;a strictement rien \u00e0 voir avec celle d&rsquo;un d\u00e9riveur ou d&rsquo;un catamaran de location. Les deux choses ne s&rsquo;annulent pas : elles coexistent, et c&rsquo;est pr\u00e9cis\u00e9ment cette coexistence que la communication institutionnelle des salons nautiques a tendance \u00e0 estomper en mettant en avant les labels plut\u00f4t que la nature du produit vendu. La Napoule Boat Show n&rsquo;est pas plus coupable qu&rsquo;un autre sur ce point \u2014 c&rsquo;est m\u00eame l&rsquo;un des ports les mieux tenus du littoral azur\u00e9en sur le plan environnemental \u2014 mais le tableau immacul\u00e9 qu&rsquo;on lira sans doute ailleurs cette semaine m\u00e9rite d&rsquo;\u00eatre nuanc\u00e9 : un port propre n&rsquo;est pas la m\u00eame chose qu&rsquo;un march\u00e9 nautique sobre.<\/p><p>Il y a aussi une question plus simple, rarement pos\u00e9e dans la presse sp\u00e9cialis\u00e9e : \u00e0 qui s&rsquo;adresse r\u00e9ellement ce salon ? L&rsquo;initiation \u00e0 10 euros et le discours \u00ab familial \u00bb sont sinc\u00e8res, mais ils cohabitent avec un catalogue de 35 marques et une client\u00e8le dont le pouvoir d&rsquo;achat n&rsquo;a, pour l&rsquo;essentiel, rien de familial au sens courant du terme. Ce n&rsquo;est pas un reproche \u2014 un salon professionnel n&rsquo;a pas vocation \u00e0 \u00eatre autre chose que ce qu&rsquo;il est \u2014 mais un rappel utile face \u00e0 une communication qui, chaque printemps, tend \u00e0 gommer cette r\u00e9alit\u00e9 derri\u00e8re des mots comme \u00ab convivialit\u00e9 \u00bb et \u00ab accessibilit\u00e9 \u00bb.<\/p><h2>En bref<\/h2><p>La Napoule Boat Show reste, sur la forme, l&rsquo;un des rendez-vous les mieux organis\u00e9s du calendrier nautique de printemps, port\u00e9 par un port dont les efforts environnementaux sont r\u00e9els et document\u00e9s dans le temps plut\u00f4t qu&rsquo;improvis\u00e9s pour l&rsquo;occasion. Le vrai coup de c\u0153ur de l&rsquo;\u00e9dition 2026 n&rsquo;est pas dans les m\u00e8tres de coque expos\u00e9s, mais dans cette heure de navigation sportive \u00e0 10 euros qui, l&rsquo;espace d&rsquo;un samedi, ouvre le port \u00e0 autre chose qu&rsquo;un march\u00e9. Pour le reste, gardons en t\u00eate que labellisation environnementale et sobri\u00e9t\u00e9 du produit restent deux sujets distincts \u2014 et que confondre les deux rend, chaque ann\u00e9e, un peu plus difficile de parler honn\u00eatement de ce que le nautisme de plaisance repr\u00e9sente vraiment.<\/p><p><b>L<\/b><a href=\"https:\/\/www.lanapouleboatshow.com\/\" target=\"_blank\" rel=\"noopener\">a Napoule Boat Show 2026<\/a>\u00a0\u2014 du 23 au 26 avril, Port-la-Napoule, Mandelieu-la-Napoule.\u00a0<\/p><p>R\u00e9dactrice : Par Antje<\/p>\t\t\t\t\t\t\t\t<\/div>\n\t\t<div class=\"elementor-element elementor-element-bbb73aa e-con-full e-flex e-con e-child\" data-id=\"bbb73aa\" data-element_type=\"container\" data-e-type=\"container\">\n\t\t\t\t<div class=\"elementor-element elementor-element-62a2678 elementor-widget-divider--view-line elementor-widget elementor-widget-divider\" data-id=\"62a2678\" data-element_type=\"widget\" data-e-type=\"widget\" data-widget_type=\"divider.default\">\n\t\t\t\t\t\t\t<div class=\"elementor-divider\">\n\t\t\t<span class=\"elementor-divider-separator\">\n\t\t\t\t\t\t<\/span>\n\t\t<\/div>\n\t\t\t\t\t\t<\/div>\n\t\t\t\t<\/div>\n\t\t\t\t<\/div>\n\t\t\t\t<\/div>\n\t\t","protected":false},"excerpt":{"rendered":"<p>34 ans de rituel nautique, entre vraies p\u00e9pites et vernis vert Du 23 au 26 avril 2026, le Port La Napoule retrouvera son d\u00e9cor de printemps habituel : coques blanches align\u00e9es le long des pontons, h\u00e9lices qui brillent sous le soleil de l&rsquo;Esterel, et cette agitation particuli\u00e8re des salons nautiques qui savent qu&rsquo;ils n&rsquo;ont plus&hellip;<\/p>\n","protected":false},"author":1,"featured_media":1214,"comment_status":"open","ping_status":"open","sticky":false,"template":"","format":"standard","meta":{"_seopress_titles_title":"","_seopress_titles_desc":"","_seopress_robots_index":"","_seopress_robots_follow":"","_seopress_robots_imageindex":"","_seopress_robots_snippet":"","_seopress_robots_primary_cat":"","_seopress_robots_breadcrumbs":"","_seopress_robots_freeze_modified_date":"","_seopress_robots_custom_modified_date":"","_seopress_robots_canonical":"","_seopress_social_fb_title":"","_seopress_social_fb_desc":"","_seopress_social_fb_img":"","_seopress_social_fb_img_attachment_id":0,"_seopress_social_fb_img_width":0,"_seopress_social_fb_img_height":0,"_seopress_social_twitter_title":"","_seopress_social_twitter_desc":"","_seopress_social_twitter_img":"","_seopress_social_twitter_img_attachment_id":0,"_seopress_social_twitter_img_width":0,"_seopress_social_twitter_img_height":0,"_seopress_redirections_value":"","_seopress_redirections_enabled":"","_seopress_redirections_enabled_regex":"","_seopress_redirections_logged_status":"","_seopress_redirections_param":"","_seopress_redirections_type":0,"_seopress_analysis_target_kw":"","_angie_page":false,"page_builder":"","_jetpack_memberships_contains_paid_content":false,"footnotes":""},"categories":[23,24],"tags":[],"class_list":["post-1212","post","type-post","status-publish","format-standard","has-post-thumbnail","hentry","category-decouverte","category-luxe"],"jetpack_featured_media_url":"https:\/\/francaises-ethniques.com\/wp-content\/uploads\/2026\/09\/Capture-decran-2026-09-01-a-22.45.57.png","jetpack_sharing_enabled":true,"_links":{"self":[{"href":"https:\/\/francaises-ethniques.com\/index.php\/wp-json\/wp\/v2\/posts\/1212","targetHints":{"allow":["GET"]}}],"collection":[{"href":"https:\/\/francaises-ethniques.com\/index.php\/wp-json\/wp\/v2\/posts"}],"about":[{"href":"https:\/\/francaises-ethniques.com\/index.php\/wp-json\/wp\/v2\/types\/post"}],"author":[{"embeddable":true,"href":"https:\/\/francaises-ethniques.com\/index.php\/wp-json\/wp\/v2\/users\/1"}],"replies":[{"embeddable":true,"href":"https:\/\/francaises-ethniques.com\/index.php\/wp-json\/wp\/v2\/comments?post=1212"}],"version-history":[{"count":10,"href":"https:\/\/francaises-ethniques.com\/index.php\/wp-json\/wp\/v2\/posts\/1212\/revisions"}],"predecessor-version":[{"id":1227,"href":"https:\/\/francaises-ethniques.com\/index.php\/wp-json\/wp\/v2\/posts\/1212\/revisions\/1227"}],"wp:featuredmedia":[{"embeddable":true,"href":"https:\/\/francaises-ethniques.com\/index.php\/wp-json\/wp\/v2\/media\/1214"}],"wp:attachment":[{"href":"https:\/\/francaises-ethniques.com\/index.php\/wp-json\/wp\/v2\/media?parent=1212"}],"wp:term":[{"taxonomy":"category","embeddable":true,"href":"https:\/\/francaises-ethniques.com\/index.php\/wp-json\/wp\/v2\/categories?post=1212"},{"taxonomy":"post_tag","embeddable":true,"href":"https:\/\/francaises-ethniques.com\/index.php\/wp-json\/wp\/v2\/tags?post=1212"}],"curies":[{"name":"wp","href":"https:\/\/api.w.org\/{rel}","templated":true}]}}