{"id":74,"date":"2016-04-15T21:20:52","date_gmt":"2016-04-15T21:20:52","guid":{"rendered":"https:\/\/oceanwp.org\/travel\/2016\/04\/15\/litora-torqent-per-conubia-copy-2\/"},"modified":"2026-04-24T17:50:53","modified_gmt":"2026-04-24T15:50:53","slug":"metus-vitae-pharetra-auctor","status":"publish","type":"post","link":"https:\/\/francaises-ethniques.com\/index.php\/2016\/04\/15\/metus-vitae-pharetra-auctor\/","title":{"rendered":"Escapade au soleil : nos coups de coeur 2026"},"content":{"rendered":"\t\t<div data-elementor-type=\"wp-post\" data-elementor-id=\"74\" class=\"elementor elementor-74\">\n\t\t\t\t<div class=\"elementor-element elementor-element-1fb80152 e-flex e-con-boxed e-con e-parent\" data-id=\"1fb80152\" data-element_type=\"container\" data-e-type=\"container\">\n\t\t\t\t\t<div class=\"e-con-inner\">\n\t\t\t\t<div class=\"elementor-element elementor-element-7a4d1e90 elementor-widget elementor-widget-text-editor\" data-id=\"7a4d1e90\" data-element_type=\"widget\" data-e-type=\"widget\" data-widget_type=\"text-editor.default\">\n\t\t\t\t\t\t\t\t\t<p><strong>Maison Senato<\/strong><\/p><p>Situ\u00e9e Via Senato, au c\u0153ur de Milan et \u00e0 deux pas du Quadrilatero della Moda,\u00a0<strong>Maison Senato<\/strong>\u00a0s\u2019impose comme une adresse confidentielle id\u00e9ale pour une escapade urbaine milanaise.<\/p><p>Imagin\u00e9e par Locatelli Partners, cette \u00e9l\u00e9gante propri\u00e9t\u00e9 abrite six vastes r\u00e9sidences d\u2019environ 170 m\u00b2, une par \u00e9tage, pens\u00e9es comme de v\u00e9ritables refuges lumineux o\u00f9 marbres, pierres naturelles, bois pr\u00e9cieux et finitions sur mesure composent des int\u00e9rieurs chaleureux. Les espaces ext\u00e9rieurs, terrasses priv\u00e9es et espaces de r\u00e9ception invitent \u00e0 savourer la douceur milanaise tout en pr\u00e9servant calme et discr\u00e9tion.<\/p><p>Pens\u00e9e pour des s\u00e9jours courts ou prolong\u00e9s, Maison Senato offre une exp\u00e9rience exclusive gr\u00e2ce \u00e0 des services personnalis\u00e9s et un accompagnement d\u00e9di\u00e9, permettant aux h\u00f4tes de profiter pleinement de la ville tout en combinant confort, style et \u00e9l\u00e9gance milanaise.<\/p><p><em>Via Senato 13 &#8211; 20123 Milano, Italie<\/em><\/p><p><a href=\"https:\/\/tracking.launchmetrics.com\/?ref=LhQAAKCV9iV1V6fYDPOfNjLeMiz-zoxGAQAAABrB4g6suSoVQkTnOiNoAFQHTEZX71ccacQVwfiuccTa5UpiaTujtp_L0Xuwxq59yFwwtiyN9oQ0KMayK5GSrwbnhNhu8AsHioRQFWDb89yxUNWtRfaXiulHhNmwbQ7USqsooZCHr6fK6cjCnTsx4sgix0z7EoXiNWPE08pYvrTWc1tg2PqmfHvpBKQvxq1cPQ3bq03xMDzFBvYkI6bzI6X-j-j-zFxNH0GjfVXb5UYM\" target=\"_blank\" rel=\"noopener\" data-saferedirecturl=\"https:\/\/www.google.com\/url?q=https:\/\/tracking.launchmetrics.com\/?ref%3DLhQAAKCV9iV1V6fYDPOfNjLeMiz-zoxGAQAAABrB4g6suSoVQkTnOiNoAFQHTEZX71ccacQVwfiuccTa5UpiaTujtp_L0Xuwxq59yFwwtiyN9oQ0KMayK5GSrwbnhNhu8AsHioRQFWDb89yxUNWtRfaXiulHhNmwbQ7USqsooZCHr6fK6cjCnTsx4sgix0z7EoXiNWPE08pYvrTWc1tg2PqmfHvpBKQvxq1cPQ3bq03xMDzFBvYkI6bzI6X-j-j-zFxNH0GjfVXb5UYM&amp;source=gmail&amp;ust=1777132096184000&amp;usg=AOvVaw3o0vUKQ49RZx2MO3GmkhjR\">www.maisonsenato.com<\/a><\/p><p><strong>Le Selman Marrakech<\/strong><\/p><p>Aux portes de Marrakech, au pied des montagnes de l\u2019Atlas,\u00a0<strong>Le Selman Marrakech<\/strong>\u00a0d\u00e9voile un cadre d\u00e9paysant o\u00f9 luxe discret, bien-\u00eatre et art de vivre marocain se rencontrent.<\/p><p>Nich\u00e9 au c\u0153ur de vastes jardins et pens\u00e9 par l\u2019architecte-d\u00e9corateur Jacques Garcia, Le palace abrite des chambres \u00e9l\u00e9gantes ainsi que des villas priv\u00e9es, ces derni\u00e8res sont de v\u00e9ritables havres de paix dot\u00e9s de piscines priv\u00e9es. Un service de majordome d\u00e9di\u00e9 est disponible pour chaque s\u00e9jour, garantissant une exp\u00e9rience enti\u00e8rement personnalis\u00e9e.\u00a0Le Spa Chenot, reconnu parmi les meilleurs au monde, propose une approche holistique m\u00ealant expertise scientifique, technologies de pointe et soins revitalisants. Le restaurant Sabo, dirig\u00e9 par le chef multi-\u00e9toil\u00e9 Jean-Fran\u00e7ois Pi\u00e8ge, pr\u00e9sente une cuisine d\u2019auteur raffin\u00e9e et g\u00e9n\u00e9reuse.<\/p><p>Entre d\u00e9tente, gastronomie et paysages majestueux, Le Selman Marrakech incarne une destination o\u00f9 l\u2019on vient se ressourcer et s\u2019\u00e9merveiller.<\/p><p><em>BP 24 530 Marrakech Atlas, KM 5, route d\u2019Amizmiz,<\/em><\/p><p><em>Marrakech 40000, Maroc<\/em><\/p><p><a style=\"font-size: 15px; background-color: #ffffff;\" href=\"https:\/\/tracking.launchmetrics.com\/?ref=LhQAADhkg_Duw3j9w01P81nYxdfTKrDTAQAAABrB4g6suSoVQkTnOiNoAFQHTEZX71ccacQVwfiuccTa5UpiaTujtp_L0Xuwxq59yFwwtiyN9oQ0KMayK5GSrwY6oj97B-9R0qoOCkJBWc-meOpWVMr-eJDgTOwDHa5ScTBRAdAUmGnbk7BHBvTlkFzvWE9eQi6NyrSjPgZyGBJqGif6DQu5P61pNW2WgBs_u73_U828PeQw4-cwJfZQMcX3HZRAQudxtrDKhnZTJqck\" target=\"_blank\" rel=\"noopener\" data-saferedirecturl=\"https:\/\/www.google.com\/url?q=https:\/\/tracking.launchmetrics.com\/?ref%3DLhQAADhkg_Duw3j9w01P81nYxdfTKrDTAQAAABrB4g6suSoVQkTnOiNoAFQHTEZX71ccacQVwfiuccTa5UpiaTujtp_L0Xuwxq59yFwwtiyN9oQ0KMayK5GSrwY6oj97B-9R0qoOCkJBWc-meOpWVMr-eJDgTOwDHa5ScTBRAdAUmGnbk7BHBvTlkFzvWE9eQi6NyrSjPgZyGBJqGif6DQu5P61pNW2WgBs_u73_U828PeQw4-cwJfZQMcX3HZRAQudxtrDKhnZTJqck&amp;source=gmail&amp;ust=1777132096184000&amp;usg=AOvVaw1Usw3Bai0qg7P7wAnVJgYi\"><em>www.selman-marrakech.com<\/em><\/a><\/p><p>\u00a0<\/p><p><strong>Il CAPRI\u00a0<\/strong><\/p><p>\u00c0 quelques pas de l\u2019animation de la Piazzetta,\u00a0<strong>Il Capri Hotel<\/strong>\u00a0est nich\u00e9 au c\u0153ur de l\u2019\u00eele, \u00e0 proximit\u00e9 de ses lieux embl\u00e9matiques, tout en offrant un refuge \u00e9l\u00e9gant et paisible. Perch\u00e9 avec une vue spectaculaire sur le golfe de Naples, cet \u00e9tablissement install\u00e9 dans une villa du XIX\u1d49 si\u00e8cle transform\u00e9e en h\u00f4tel en 1899 refl\u00e8te l\u2019\u00e2me artistique et l\u2019\u00e9l\u00e9gance discr\u00e8te de l\u2019\u00eele.<\/p><p>Sous l&rsquo;impulsion de Graziella Buontempo, et Arnaud Lacombe, du groupe Savoir Vivre, l\u2019h\u00f4tel se r\u00e9invente autour de 20 chambres baign\u00e9es de lumi\u00e8re o\u00f9 nuances de rose pastel, fibres naturelles et mobilier artisanal cr\u00e9ent une atmosph\u00e8re chaleureuse et raffin\u00e9e.\u00a0<\/p><p>Terrasses panoramiques, restaurant Vesuvius face \u00e0 la mer, Capriama Bar et piscine sur le toit entour\u00e9e de v\u00e9g\u00e9tation m\u00e9diterran\u00e9enne compl\u00e8tent cette adresse singuli\u00e8re, v\u00e9ritable parenth\u00e8se ensoleill\u00e9e empreinte de douceur de vivre insulaire.<\/p><p>Il Capri rouvrira le 24 avril pour la saison estivale incluant un nouvel espace de restauration Osteria Delle Sirene par Giotto Calendoli sur le rooftop, un espace bien-\u00eatre et un spa par Irene Forte. Et toujours, Rumore, le nightclub de l\u2019h\u00f4tel avec Pascal Moscheni \u00e0 la direction artistique \u00a0<\/p><p><em>Via Roma 71, 80073, Capri, Italie<\/em><\/p><p><a href=\"https:\/\/tracking.launchmetrics.com\/?ref=LhQAAAirYimb7L6if1UiqrLX630Z80NIAQAAABrB4g6suSoVQkTnOiNoAFQHTEZX71ccacQVwfiuccTa5UpiaTujtp_L0Xuwxq59yFwwtiyN9oQ0KMayK5GSrwbnhNhu8AsHioRQFWDb89yxaMqD565er2ir0C9oUfz2l4dEQIWo9VTUZkp9oQ-WVZO9VWDxk3g9UzGJyMMCtN4n2CumpgTC_wQmL8z3mtj4HracgXH9DhTFHDL9AoQdNFPGpkf5BCuKDOAQPw_DljDz\" target=\"_blank\" rel=\"noopener\" data-saferedirecturl=\"https:\/\/www.google.com\/url?q=https:\/\/tracking.launchmetrics.com\/?ref%3DLhQAAAirYimb7L6if1UiqrLX630Z80NIAQAAABrB4g6suSoVQkTnOiNoAFQHTEZX71ccacQVwfiuccTa5UpiaTujtp_L0Xuwxq59yFwwtiyN9oQ0KMayK5GSrwbnhNhu8AsHioRQFWDb89yxaMqD565er2ir0C9oUfz2l4dEQIWo9VTUZkp9oQ-WVZO9VWDxk3g9UzGJyMMCtN4n2CumpgTC_wQmL8z3mtj4HracgXH9DhTFHDL9AoQdNFPGpkf5BCuKDOAQPw_DljDz&amp;source=gmail&amp;ust=1777132096184000&amp;usg=AOvVaw1KhEohubT67YcUjAqJiubP\">www.ilcaprihotel.com<\/a><\/p><p>\u00a0<\/p>\t\t\t\t\t\t\t\t<\/div>\n\t\t\t\t\t<\/div>\n\t\t\t\t<\/div>\n\t\t\t\t<\/div>\n\t\t","protected":false},"excerpt":{"rendered":"<p>Maison Senato Situ\u00e9e Via Senato, au c\u0153ur de Milan et \u00e0 deux pas du Quadrilatero della Moda,\u00a0Maison Senato\u00a0s\u2019impose comme une adresse confidentielle id\u00e9ale pour une escapade urbaine milanaise. Imagin\u00e9e par Locatelli Partners, cette \u00e9l\u00e9gante propri\u00e9t\u00e9 abrite six vastes r\u00e9sidences d\u2019environ 170 m\u00b2, une par \u00e9tage, pens\u00e9es comme de v\u00e9ritables refuges lumineux o\u00f9 marbres, pierres naturelles, [&hellip;]<\/p>\n","protected":false},"author":1,"featured_media":294,"comment_status":"open","ping_status":"open","sticky":false,"template":"","format":"standard","meta":{"_seopress_robots_primary_cat":"none","_seopress_titles_title":"","_seopress_titles_desc":"","_seopress_robots_index":"","ocean_post_layout":"","ocean_both_sidebars_style":"","ocean_both_sidebars_content_width":0,"ocean_both_sidebars_sidebars_width":0,"ocean_sidebar":"0","ocean_second_sidebar":"0","ocean_disable_margins":"enable","ocean_add_body_class":"","ocean_shortcode_before_top_bar":"","ocean_shortcode_after_top_bar":"","ocean_shortcode_before_header":"","ocean_shortcode_after_header":"","ocean_has_shortcode":"","ocean_shortcode_after_title":"","ocean_shortcode_before_footer_widgets":"","ocean_shortcode_after_footer_widgets":"","ocean_shortcode_before_footer_bottom":"","ocean_shortcode_after_footer_bottom":"","ocean_display_top_bar":"default","ocean_display_header":"default","ocean_header_style":"","ocean_center_header_left_menu":"0","ocean_custom_header_template":"0","ocean_custom_logo":0,"ocean_custom_retina_logo":0,"ocean_custom_logo_max_width":0,"ocean_custom_logo_tablet_max_width":0,"ocean_custom_logo_mobile_max_width":0,"ocean_custom_logo_max_height":0,"ocean_custom_logo_tablet_max_height":0,"ocean_custom_logo_mobile_max_height":0,"ocean_header_custom_menu":"0","ocean_menu_typo_font_family":"0","ocean_menu_typo_font_subset":"","ocean_menu_typo_font_size":0,"ocean_menu_typo_font_size_tablet":0,"ocean_menu_typo_font_size_mobile":0,"ocean_menu_typo_font_size_unit":"px","ocean_menu_typo_font_weight":"","ocean_menu_typo_font_weight_tablet":"","ocean_menu_typo_font_weight_mobile":"","ocean_menu_typo_transform":"","ocean_menu_typo_transform_tablet":"","ocean_menu_typo_transform_mobile":"","ocean_menu_typo_line_height":0,"ocean_menu_typo_line_height_tablet":0,"ocean_menu_typo_line_height_mobile":0,"ocean_menu_typo_line_height_unit":"","ocean_menu_typo_spacing":0,"ocean_menu_typo_spacing_tablet":0,"ocean_menu_typo_spacing_mobile":0,"ocean_menu_typo_spacing_unit":"","ocean_menu_link_color":"","ocean_menu_link_color_hover":"","ocean_menu_link_color_active":"","ocean_menu_link_background":"","ocean_menu_link_hover_background":"","ocean_menu_link_active_background":"","ocean_menu_social_links_bg":"","ocean_menu_social_hover_links_bg":"","ocean_menu_social_links_color":"","ocean_menu_social_hover_links_color":"","ocean_disable_title":"default","ocean_disable_heading":"default","ocean_post_title":"","ocean_post_subheading":"","ocean_post_title_style":"","ocean_post_title_background_color":"","ocean_post_title_background":0,"ocean_post_title_bg_image_position":"","ocean_post_title_bg_image_attachment":"","ocean_post_title_bg_image_repeat":"","ocean_post_title_bg_image_size":"","ocean_post_title_height":0,"ocean_post_title_bg_overlay":0.5,"ocean_post_title_bg_overlay_color":"","ocean_disable_breadcrumbs":"default","ocean_breadcrumbs_color":"","ocean_breadcrumbs_separator_color":"","ocean_breadcrumbs_links_color":"","ocean_breadcrumbs_links_hover_color":"","ocean_display_footer_widgets":"default","ocean_display_footer_bottom":"default","ocean_custom_footer_template":"0","omw_enable_modal_window":"enable","_jetpack_memberships_contains_paid_content":false,"ocean_post_oembed":"","ocean_post_self_hosted_media":"","ocean_post_video_embed":"","ocean_link_format":"","ocean_link_format_target":"self","ocean_quote_format":"","ocean_quote_format_link":"post","ocean_gallery_link_images":"off","ocean_gallery_id":[],"footnotes":""},"categories":[12],"tags":[17],"class_list":["post-74","post","type-post","status-publish","format-standard","has-post-thumbnail","hentry","category-travel-tips","tag-travel-tips","entry","has-media"],"jetpack_featured_media_url":"https:\/\/francaises-ethniques.com\/wp-content\/uploads\/2016\/04\/travel-blog-9-2.jpg","jetpack_sharing_enabled":true,"_links":{"self":[{"href":"https:\/\/francaises-ethniques.com\/index.php\/wp-json\/wp\/v2\/posts\/74","targetHints":{"allow":["GET"]}}],"collection":[{"href":"https:\/\/francaises-ethniques.com\/index.php\/wp-json\/wp\/v2\/posts"}],"about":[{"href":"https:\/\/francaises-ethniques.com\/index.php\/wp-json\/wp\/v2\/types\/post"}],"author":[{"embeddable":true,"href":"https:\/\/francaises-ethniques.com\/index.php\/wp-json\/wp\/v2\/users\/1"}],"replies":[{"embeddable":true,"href":"https:\/\/francaises-ethniques.com\/index.php\/wp-json\/wp\/v2\/comments?post=74"}],"version-history":[{"count":10,"href":"https:\/\/francaises-ethniques.com\/index.php\/wp-json\/wp\/v2\/posts\/74\/revisions"}],"predecessor-version":[{"id":853,"href":"https:\/\/francaises-ethniques.com\/index.php\/wp-json\/wp\/v2\/posts\/74\/revisions\/853"}],"wp:featuredmedia":[{"embeddable":true,"href":"https:\/\/francaises-ethniques.com\/index.php\/wp-json\/wp\/v2\/media\/294"}],"wp:attachment":[{"href":"https:\/\/francaises-ethniques.com\/index.php\/wp-json\/wp\/v2\/media?parent=74"}],"wp:term":[{"taxonomy":"category","embeddable":true,"href":"https:\/\/francaises-ethniques.com\/index.php\/wp-json\/wp\/v2\/categories?post=74"},{"taxonomy":"post_tag","embeddable":true,"href":"https:\/\/francaises-ethniques.com\/index.php\/wp-json\/wp\/v2\/tags?post=74"}],"curies":[{"name":"wp","href":"https:\/\/api.w.org\/{rel}","templated":true}]}}