{"id":775,"date":"2025-05-24T10:46:35","date_gmt":"2025-05-24T08:46:35","guid":{"rendered":"https:\/\/francaises-ethniques.com\/?p=775"},"modified":"2026-04-09T22:31:57","modified_gmt":"2026-04-09T20:31:57","slug":"festival-de-cannes-2024-les-cineastes-africaines-confirment-la-montee-en-puissance-dun-cinema-interculturel-au-feminin","status":"publish","type":"post","link":"https:\/\/francaises-ethniques.com\/index.php\/2025\/05\/24\/festival-de-cannes-2024-les-cineastes-africaines-confirment-la-montee-en-puissance-dun-cinema-interculturel-au-feminin\/","title":{"rendered":"Les cin\u00e9astes africaines confirment la mont\u00e9e en puissance d\u2019un cin\u00e9ma interculturel au f\u00e9minin"},"content":{"rendered":"<p>Le Festival de Cannes 2024 a confirm\u00e9 une dynamique de fond : la mont\u00e9e en puissance de r\u00e9alisatrices issues du continent africain et de ses diasporas dans le paysage du cin\u00e9ma international. Sur la Croisette, plusieurs \u0153uvres port\u00e9es par des femmes ont illustr\u00e9 la richesse d\u2019un cin\u00e9ma interculturel en pleine affirmation, capable de faire dialoguer les territoires, les m\u00e9moires et les r\u00e9alit\u00e9s sociales contemporaines.<\/p>\n<p>Bien au-del\u00e0 de la repr\u00e9sentation symbolique, cette pr\u00e9sence croissante t\u00e9moigne de l\u2019\u00e9mergence de nouvelles voix cin\u00e9matographiques qui participent \u00e0 red\u00e9finir les narrations mondiales du septi\u00e8me art.<\/p>\n<h2>Des regards f\u00e9minins qui enrichissent la sc\u00e8ne internationale<\/h2>\n<p>Les r\u00e9alisatrices africaines pr\u00e9sentes \u00e0 Cannes cette ann\u00e9e ont port\u00e9 \u00e0 l\u2019\u00e9cran des r\u00e9cits puissants travers\u00e9s par des enjeux universels : transmission, \u00e9mancipation, m\u00e9moire, mutations sociales, rapports de pouvoir ou encore tensions entre tradition et modernit\u00e9.<\/p>\n<p>Leur force r\u00e9side dans leur capacit\u00e9 \u00e0 inscrire des r\u00e9alit\u00e9s locales dans des r\u00e9cits profond\u00e9ment universels, offrant au public international des \u0153uvres o\u00f9 l\u2019intime rejoint le politique et o\u00f9 les trajectoires individuelles deviennent miroir des transformations soci\u00e9tales.<\/p>\n<p>Cette mont\u00e9e en visibilit\u00e9 s\u2019inscrit dans une \u00e9volution plus large du Festival de Cannes, qui depuis plusieurs ann\u00e9es ouvre davantage sa s\u00e9lection \u00e0 des cin\u00e9matographies venues d\u2019Afrique, du Moyen-Orient et d\u2019Asie, favorisant une lecture plus interculturelle de la cr\u00e9ation mondiale. (<a title=\"L\u00e9ger recul du cin\u00e9ma africain au Festival de Cannes 2024\" href=\"https:\/\/www.lexpressiondz.com\/chroniques\/l-ecran-libre\/leger-recul-du-cinema-africain-au-festival-de-cannes-2024-327941?utm_source=chatgpt.com\">lexpressiondz.com<\/a>)<\/p>\n<h2>Cannes, catalyseur de nouvelles voix f\u00e9minines internationales<\/h2>\n<p>Au-del\u00e0 des projections, Cannes demeure un acc\u00e9l\u00e9rateur strat\u00e9gique pour les talents \u00e9mergents gr\u00e2ce \u00e0 ses dispositifs d\u2019accompagnement, de mentorat et de networking professionnel. March\u00e9 du Film, ateliers de d\u00e9veloppement, programmes de coproduction : autant d\u2019espaces qui favorisent la structuration internationale des projets port\u00e9s par des r\u00e9alisatrices venues de territoires encore sous-repr\u00e9sent\u00e9s dans l\u2019industrie mondiale. (<a title=\"Producers Network - Festival de Cannes\" href=\"https:\/\/www.marchedufilm.com\/fr\/programs\/producers-network\/?utm_source=chatgpt.com\">March\u00e9 du Film<\/a>)<\/p>\n<p>Cette dynamique contribue \u00e0 faire du Festival non seulement une vitrine, mais aussi un v\u00e9ritable incubateur de circulation interculturelle des \u0153uvres.<\/p>\n<h2>Une reconnaissance qui d\u00e9passe la seule question de la repr\u00e9sentation<\/h2>\n<p>Plus qu\u2019une simple mise en avant de la diversit\u00e9, la pr\u00e9sence de ces cin\u00e9astes marque la reconnaissance d\u2019une excellence artistique d\u00e9sormais incontournable. Leur cin\u00e9ma ne se r\u00e9sume plus \u00e0 une logique de \u201cd\u00e9couverte\u201d ou de \u201cquota g\u00e9ographique\u201d : il s\u2019impose par sa singularit\u00e9 esth\u00e9tique, sa puissance narrative et sa port\u00e9e internationale.<\/p>\n<p>\u00c0 Cannes 2024, cette nouvelle g\u00e9n\u00e9ration de r\u00e9alisatrices a d\u00e9montr\u00e9 que les r\u00e9cits issus d\u2019Afrique participent pleinement \u00e0 la red\u00e9finition contemporaine du cin\u00e9ma d\u2019auteur mondial.<\/p>\n<h2>Vers un nouvel \u00e9quilibre des imaginaires sur la Croisette<\/h2>\n<p>Dans un contexte o\u00f9 l\u2019industrie cin\u00e9matographique mondiale interroge ses mod\u00e8les de repr\u00e9sentation, le Festival de Cannes 2024 aura rappel\u00e9 une \u00e9vidence : l\u2019avenir du cin\u00e9ma se construit dans la pluralit\u00e9 des regards.<\/p>\n<p>Et parmi ces regards, ceux port\u00e9s par les femmes cin\u00e9astes africaines et afrodescendantes occupent d\u00e9sormais une place de plus en plus centrale dans la conversation mondiale sur le cin\u00e9ma.<\/p>\n<p>Jessica Barre<\/p>\n","protected":false},"excerpt":{"rendered":"<p>Le Festival de Cannes 2024 a confirm\u00e9 une dynamique de fond : la mont\u00e9e en puissance de r\u00e9alisatrices issues du continent africain et de ses diasporas dans le paysage du cin\u00e9ma international. Sur la Croisette, plusieurs \u0153uvres port\u00e9es par des femmes ont illustr\u00e9 la richesse d\u2019un cin\u00e9ma interculturel en pleine affirmation, capable de faire dialoguer [&hellip;]<\/p>\n","protected":false},"author":1,"featured_media":0,"comment_status":"open","ping_status":"open","sticky":false,"template":"","format":"standard","meta":{"_seopress_robots_primary_cat":"none","_seopress_titles_title":"","_seopress_titles_desc":"","_seopress_robots_index":"","ocean_post_layout":"","ocean_both_sidebars_style":"","ocean_both_sidebars_content_width":0,"ocean_both_sidebars_sidebars_width":0,"ocean_sidebar":"0","ocean_second_sidebar":"0","ocean_disable_margins":"enable","ocean_add_body_class":"","ocean_shortcode_before_top_bar":"","ocean_shortcode_after_top_bar":"","ocean_shortcode_before_header":"","ocean_shortcode_after_header":"","ocean_has_shortcode":"","ocean_shortcode_after_title":"","ocean_shortcode_before_footer_widgets":"","ocean_shortcode_after_footer_widgets":"","ocean_shortcode_before_footer_bottom":"","ocean_shortcode_after_footer_bottom":"","ocean_display_top_bar":"default","ocean_display_header":"default","ocean_header_style":"","ocean_center_header_left_menu":"0","ocean_custom_header_template":"0","ocean_custom_logo":0,"ocean_custom_retina_logo":0,"ocean_custom_logo_max_width":0,"ocean_custom_logo_tablet_max_width":0,"ocean_custom_logo_mobile_max_width":0,"ocean_custom_logo_max_height":0,"ocean_custom_logo_tablet_max_height":0,"ocean_custom_logo_mobile_max_height":0,"ocean_header_custom_menu":"0","ocean_menu_typo_font_family":"0","ocean_menu_typo_font_subset":"","ocean_menu_typo_font_size":0,"ocean_menu_typo_font_size_tablet":0,"ocean_menu_typo_font_size_mobile":0,"ocean_menu_typo_font_size_unit":"px","ocean_menu_typo_font_weight":"","ocean_menu_typo_font_weight_tablet":"","ocean_menu_typo_font_weight_mobile":"","ocean_menu_typo_transform":"","ocean_menu_typo_transform_tablet":"","ocean_menu_typo_transform_mobile":"","ocean_menu_typo_line_height":0,"ocean_menu_typo_line_height_tablet":0,"ocean_menu_typo_line_height_mobile":0,"ocean_menu_typo_line_height_unit":"","ocean_menu_typo_spacing":0,"ocean_menu_typo_spacing_tablet":0,"ocean_menu_typo_spacing_mobile":0,"ocean_menu_typo_spacing_unit":"","ocean_menu_link_color":"","ocean_menu_link_color_hover":"","ocean_menu_link_color_active":"","ocean_menu_link_background":"","ocean_menu_link_hover_background":"","ocean_menu_link_active_background":"","ocean_menu_social_links_bg":"","ocean_menu_social_hover_links_bg":"","ocean_menu_social_links_color":"","ocean_menu_social_hover_links_color":"","ocean_disable_title":"default","ocean_disable_heading":"default","ocean_post_title":"","ocean_post_subheading":"","ocean_post_title_style":"","ocean_post_title_background_color":"","ocean_post_title_background":0,"ocean_post_title_bg_image_position":"","ocean_post_title_bg_image_attachment":"","ocean_post_title_bg_image_repeat":"","ocean_post_title_bg_image_size":"","ocean_post_title_height":0,"ocean_post_title_bg_overlay":0.5,"ocean_post_title_bg_overlay_color":"","ocean_disable_breadcrumbs":"default","ocean_breadcrumbs_color":"","ocean_breadcrumbs_separator_color":"","ocean_breadcrumbs_links_color":"","ocean_breadcrumbs_links_hover_color":"","ocean_display_footer_widgets":"default","ocean_display_footer_bottom":"default","ocean_custom_footer_template":"0","omw_enable_modal_window":"enable","_jetpack_memberships_contains_paid_content":false,"ocean_post_oembed":"","ocean_post_self_hosted_media":"","ocean_post_video_embed":"","ocean_link_format":"","ocean_link_format_target":"self","ocean_quote_format":"","ocean_quote_format_link":"post","ocean_gallery_link_images":"on","ocean_gallery_id":[],"footnotes":""},"categories":[1],"tags":[],"class_list":["post-775","post","type-post","status-publish","format-standard","hentry","category-non-classe","entry"],"jetpack_featured_media_url":"","jetpack_sharing_enabled":true,"_links":{"self":[{"href":"https:\/\/francaises-ethniques.com\/index.php\/wp-json\/wp\/v2\/posts\/775","targetHints":{"allow":["GET"]}}],"collection":[{"href":"https:\/\/francaises-ethniques.com\/index.php\/wp-json\/wp\/v2\/posts"}],"about":[{"href":"https:\/\/francaises-ethniques.com\/index.php\/wp-json\/wp\/v2\/types\/post"}],"author":[{"embeddable":true,"href":"https:\/\/francaises-ethniques.com\/index.php\/wp-json\/wp\/v2\/users\/1"}],"replies":[{"embeddable":true,"href":"https:\/\/francaises-ethniques.com\/index.php\/wp-json\/wp\/v2\/comments?post=775"}],"version-history":[{"count":4,"href":"https:\/\/francaises-ethniques.com\/index.php\/wp-json\/wp\/v2\/posts\/775\/revisions"}],"predecessor-version":[{"id":836,"href":"https:\/\/francaises-ethniques.com\/index.php\/wp-json\/wp\/v2\/posts\/775\/revisions\/836"}],"wp:attachment":[{"href":"https:\/\/francaises-ethniques.com\/index.php\/wp-json\/wp\/v2\/media?parent=775"}],"wp:term":[{"taxonomy":"category","embeddable":true,"href":"https:\/\/francaises-ethniques.com\/index.php\/wp-json\/wp\/v2\/categories?post=775"},{"taxonomy":"post_tag","embeddable":true,"href":"https:\/\/francaises-ethniques.com\/index.php\/wp-json\/wp\/v2\/tags?post=775"}],"curies":[{"name":"wp","href":"https:\/\/api.w.org\/{rel}","templated":true}]}}