{"id":854,"date":"2026-04-28T21:17:36","date_gmt":"2026-04-28T19:17:36","guid":{"rendered":"https:\/\/francaises-ethniques.com\/?p=854"},"modified":"2026-04-28T21:17:36","modified_gmt":"2026-04-28T19:17:36","slug":"la-mecanique-de-la-paix-une-construction-fragile-entre-tensions-et-responsabilite-collective","status":"publish","type":"post","link":"https:\/\/francaises-ethniques.com\/index.php\/2026\/04\/28\/la-mecanique-de-la-paix-une-construction-fragile-entre-tensions-et-responsabilite-collective\/","title":{"rendered":"La m\u00e9canique de la paix : une construction fragile, entre tensions et responsabilit\u00e9 collective"},"content":{"rendered":"<h1 data-section-id=\"okge0t\" data-start=\"422\" data-end=\"468\">La paix, une notion omnipr\u00e9sente\u2026 mais insaisissable<\/h1>\n<p data-start=\"512\" data-end=\"752\">\u00c0 mesure que le monde se tend \u2014 conflits arm\u00e9s, fractures sociales, crises identitaires \u2014 la paix s\u2019impose comme un sujet central, presque obs\u00e9dant. Concerts, conf\u00e9rences, forums internationaux : elle est partout invoqu\u00e9e, rarement d\u00e9finie.<\/p>\n<h2 data-start=\"754\" data-end=\"814\">Mais que signifie r\u00e9ellement \u00ab faire la paix \u00bb aujourd\u2019hui ?<\/h2>\n<p data-start=\"816\" data-end=\"956\">Derri\u00e8re ce mot universel se cache une m\u00e9canique complexe, faite d\u2019\u00e9quilibres pr\u00e9caires, de compromis invisibles et de tensions permanentes.<\/p>\n<p data-start=\"1074\" data-end=\"1137\">\u00c0 premi\u00e8re vue, la paix semble commencer \u00e0 une \u00e9chelle intime :<\/p>\n<ul data-start=\"1139\" data-end=\"1287\">\n<li data-section-id=\"14mwsm4\" data-start=\"1139\" data-end=\"1174\">cultiver des relations apais\u00e9es<\/li>\n<li data-section-id=\"gewjv8\" data-start=\"1175\" data-end=\"1207\">\u00e9viter les conflits inutiles<\/li>\n<li data-section-id=\"1od1ggh\" data-start=\"1208\" data-end=\"1235\">privil\u00e9gier le dialogue<\/li>\n<li data-section-id=\"q7t26k\" data-start=\"1236\" data-end=\"1287\">incarner des valeurs de respect et de tol\u00e9rance<\/li>\n<\/ul>\n<p data-start=\"1289\" data-end=\"1332\">Une logique de bon sens, presque intuitive.<\/p>\n<p data-start=\"1334\" data-end=\"1511\">Dans cette perspective, beaucoup s\u2019appuient sur des r\u00e9f\u00e9rentiels universels \u2014 philosophiques, spirituels ou religieux \u2014 qui valorisent la compassion, l\u2019\u00e9coute et la coexistence.<\/p>\n<p data-start=\"1513\" data-end=\"1547\">Mais cette approche a ses limites.<\/p>\n<p data-start=\"1549\" data-end=\"1721\">R\u00e9duire la paix \u00e0 une posture individuelle, c\u2019est ignorer les dynamiques de pouvoir, les int\u00e9r\u00eats \u00e9conomiques et les constructions historiques qui structurent les conflits.<\/p>\n<p data-start=\"1334\" data-end=\"1511\">ans cette perspective, beaucoup s\u2019appuient sur des r\u00e9f\u00e9rentiels universels \u2014 philosophiques, spirituels ou religieux \u2014 qui valorisent la compassion, l\u2019\u00e9coute et la coexistence.<\/p>\n<p data-start=\"1513\" data-end=\"1547\">Mais cette approche a ses limites.<\/p>\n<p data-start=\"1549\" data-end=\"1721\">R\u00e9duire la paix \u00e0 une posture individuelle, c\u2019est ignorer les dynamiques de pouvoir, les int\u00e9r\u00eats \u00e9conomiques et les constructions historiques qui structurent les conflits.<\/p>\n<h2 data-start=\"1549\" data-end=\"1721\">Religion, id\u00e9ologie : des leviers ambivalents<\/h2>\n<p data-start=\"1820\" data-end=\"1924\">\u2019id\u00e9e selon laquelle les religions porteraient intrins\u00e8quement la paix est s\u00e9duisante \u2014 mais partielle.<\/p>\n<p data-start=\"1926\" data-end=\"2099\">Historiquement, les conflits ont rarement \u00e9t\u00e9 purement religieux. Depuis le XVIIe si\u00e8cle d\u00e9j\u00e0, les alliances militaires d\u00e9passaient largement les appartenances spirituelles. Aujourd\u2019hui encore, les tensions dites \u00ab religieuses \u00bb sont souvent :<\/p>\n<ul data-start=\"2172\" data-end=\"2295\">\n<li data-section-id=\"1b7m9cx\" data-start=\"2172\" data-end=\"2207\">instrumentalis\u00e9es politiquement<\/li>\n<li data-section-id=\"1betf2x\" data-start=\"2208\" data-end=\"2251\">imbriqu\u00e9es dans des enjeux territoriaux<\/li>\n<li data-section-id=\"g7xbl3\" data-start=\"2252\" data-end=\"2295\">aliment\u00e9es par des int\u00e9r\u00eats \u00e9conomiques<\/li>\n<\/ul>\n<p data-start=\"2297\" data-end=\"2392\">Le religieux devient alors un langage, un symbole mobilisateur \u2014 mais rarement la cause unique.<\/p>\n<h2 data-section-id=\"rbnbfs\" data-start=\"2399\" data-end=\"2440\">Le mythe d\u2019un mod\u00e8le universel de paix<\/h2>\n<p data-start=\"2442\" data-end=\"2514\">Peut-on reproduire \u00e0 grande \u00e9chelle ce qui fonctionne \u00e0 petite \u00e9chelle ?<\/p>\n<p data-start=\"2516\" data-end=\"2629\">L\u2019image d\u2019une famille apais\u00e9e, d\u2019un groupe harmonieux, semble offrir un mod\u00e8le. Pourtant, nos soci\u00e9t\u00e9s \u00e9voluent :<\/p>\n<ul data-start=\"2631\" data-end=\"2722\">\n<li data-section-id=\"1qxvo0f\" data-start=\"2631\" data-end=\"2658\">fin des mod\u00e8les uniques<\/li>\n<li data-section-id=\"n46glr\" data-start=\"2659\" data-end=\"2693\">individualisation des parcours<\/li>\n<li data-section-id=\"1ilsiz2\" data-start=\"2694\" data-end=\"2722\">affirmation des libert\u00e9s<\/li>\n<\/ul>\n<p data-start=\"2724\" data-end=\"2831\">La paix ne peut plus reposer sur une autorit\u00e9 centrale ou un cadre rigide. Elle doit int\u00e9grer la pluralit\u00e9. Et c\u2019est pr\u00e9cis\u00e9ment l\u00e0 que la complexit\u00e9 commence.<\/p>\n<h2 data-section-id=\"z1zd92\" data-start=\"2891\" data-end=\"2938\">Jeunesse, frustration et besoin d\u2019expression<\/h2>\n<div class=\"no-scrollbar flex min-h-36 flex-nowrap gap-0.5 overflow-auto sm:gap-1 sm:overflow-hidden xl:min-h-44 mt-1 mb-5 not-first:mt-4\">\n<div class=\"border-token-border-default relative w-32 shrink-0 overflow-hidden rounded-xl border-[0.5px] md:shrink max-h-64 sm:w-[calc((100%-0.5rem)\/3)] rounded-s-xl\">\n<div class=\"group\/search-image @container\/search-image relative rounded-[inherit] h-full w-full\">\n<p data-start=\"2982\" data-end=\"3062\">Dans de nombreuses soci\u00e9t\u00e9s, les tensions \u00e9mergent aussi d\u2019un sentiment diffus : frustration, manque de perspectives, besoin d\u2019action. Contrairement \u00e0 une id\u00e9e re\u00e7ue, la conflictualit\u00e9 n\u2019est pas toujours un rejet de la paix \u2014 elle peut \u00eatre une recherche de sens. Le v\u00e9ritable risque n\u2019est pas l\u2019expression, mais :<\/p>\n<ul data-start=\"3310\" data-end=\"3362\">\n<li data-section-id=\"s5zh9g\" data-start=\"3310\" data-end=\"3321\">l\u2019ennui<\/li>\n<li data-section-id=\"ij8p8c\" data-start=\"3322\" data-end=\"3339\">l\u2019impuissance<\/li>\n<li data-section-id=\"1qnnie4\" data-start=\"3340\" data-end=\"3362\">l\u2019absence d\u2019\u00e9coute<\/li>\n<\/ul>\n<p data-start=\"3364\" data-end=\"3450\">Dans ce contexte, les formes d\u2019expression \u2014 m\u00eame radicales \u2014 deviennent des exutoires.<\/p>\n<h2 data-section-id=\"16n7rpb\" data-start=\"3457\" data-end=\"3508\">La paix : ni ordre absolu, ni absence de conflit<\/h2>\n<p data-start=\"3510\" data-end=\"3543\">La paix est souvent mal comprise. Elle n\u2019est pas un silence total, une immobilit\u00e9 sociale, une uniformit\u00e9 des pens\u00e9es. Elle est un \u00e9quilibre dynamique. Une forme de r\u00e9gulation des tensions, une capacit\u00e9 \u00e0 contenir sans \u00e9touffer, \u00e0 organiser sans figer. C\u2019est pr\u00e9cis\u00e9ment ce qui la rend difficile \u00e0 enseigner \u2014 et encore plus \u00e0 imposer.<\/p>\n<h2 data-section-id=\"wm866x\" data-start=\"3868\" data-end=\"3900\">Guerre et int\u00e9r\u00eats invisibles<\/h2>\n<p data-start=\"3902\" data-end=\"3964\">Derri\u00e8re chaque conflit, des logiques plus profondes op\u00e8rent :<\/p>\n<ul data-start=\"3966\" data-end=\"4042\">\n<li data-section-id=\"gv2odb\" data-start=\"3966\" data-end=\"3990\">int\u00e9r\u00eats \u00e9conomiques<\/li>\n<li data-section-id=\"kzol7x\" data-start=\"3991\" data-end=\"4019\">strat\u00e9gies g\u00e9opolitiques<\/li>\n<li data-section-id=\"1wswaxb\" data-start=\"4020\" data-end=\"4042\">luttes d\u2019influence<\/li>\n<\/ul>\n<p data-start=\"4044\" data-end=\"4084\">La guerre mobilise, simplifie, polarise.<\/p>\n<p data-start=\"4086\" data-end=\"4108\">La paix, elle, exige :<\/p>\n<ul data-start=\"4110\" data-end=\"4151\">\n<li data-section-id=\"w17mm2\" data-start=\"4110\" data-end=\"4120\">nuance<\/li>\n<li data-section-id=\"8xnzgc\" data-start=\"4121\" data-end=\"4135\">complexit\u00e9<\/li>\n<li data-section-id=\"1kku91g\" data-start=\"4136\" data-end=\"4151\">renoncement<\/li>\n<\/ul>\n<p data-start=\"4153\" data-end=\"4236\">Elle est moins spectaculaire, moins mobilisatrice \u2014 mais infiniment plus exigeante.<\/p>\n<h2 data-section-id=\"wolu7a\" data-start=\"4243\" data-end=\"4285\">La culture : levier sous-estim\u00e9 de paix<\/h2>\n<\/div>\n<\/div>\n<div class=\"border-token-border-default relative w-32 shrink-0 overflow-hidden rounded-xl border-[0.5px] md:shrink max-h-64 sm:w-[calc((100%-0.5rem)\/3)]\">\n<div class=\"group\/search-image @container\/search-image relative rounded-[inherit] h-full w-full\">\n<div>\n<p data-start=\"4329\" data-end=\"4416\">Parmi les outils les plus puissants \u2014 et les plus fragilis\u00e9s \u2014 de la paix : la culture.<\/p>\n<p data-start=\"4418\" data-end=\"4445\">Cr\u00e9er, partager, raconter :<\/p>\n<ul data-start=\"4447\" data-end=\"4549\">\n<li data-section-id=\"qqlg7f\" data-start=\"4447\" data-end=\"4479\">permet de comprendre l\u2019autre<\/li>\n<li data-section-id=\"y7s40q\" data-start=\"4480\" data-end=\"4513\">rend visibles les diff\u00e9rences<\/li>\n<li data-section-id=\"1uq9lzk\" data-start=\"4514\" data-end=\"4549\">transforme la peur en curiosit\u00e9<\/li>\n<\/ul>\n<p data-start=\"4551\" data-end=\"4668\">Dans un monde travers\u00e9 par les crises, investir dans la culture n\u2019est pas un luxe \u2014 c\u2019est une strat\u00e9gie de stabilit\u00e9.<\/p>\n<\/div>\n<\/div>\n<\/div>\n<\/div>\n","protected":false},"excerpt":{"rendered":"<p>La paix, une notion omnipr\u00e9sente\u2026 mais insaisissable \u00c0 mesure que le monde se tend \u2014 conflits arm\u00e9s, fractures sociales, crises identitaires \u2014 la paix s\u2019impose comme un sujet central, presque obs\u00e9dant. Concerts, conf\u00e9rences, forums internationaux : elle est partout invoqu\u00e9e, rarement d\u00e9finie. Mais que signifie r\u00e9ellement \u00ab faire la paix \u00bb aujourd\u2019hui ? Derri\u00e8re ce [&hellip;]<\/p>\n","protected":false},"author":1,"featured_media":857,"comment_status":"open","ping_status":"open","sticky":false,"template":"","format":"standard","meta":{"_seopress_robots_primary_cat":"","_seopress_titles_title":"","_seopress_titles_desc":"","_seopress_robots_index":"","ocean_post_layout":"","ocean_both_sidebars_style":"","ocean_both_sidebars_content_width":0,"ocean_both_sidebars_sidebars_width":0,"ocean_sidebar":"","ocean_second_sidebar":"","ocean_disable_margins":"enable","ocean_add_body_class":"","ocean_shortcode_before_top_bar":"","ocean_shortcode_after_top_bar":"","ocean_shortcode_before_header":"","ocean_shortcode_after_header":"","ocean_has_shortcode":"","ocean_shortcode_after_title":"","ocean_shortcode_before_footer_widgets":"","ocean_shortcode_after_footer_widgets":"","ocean_shortcode_before_footer_bottom":"","ocean_shortcode_after_footer_bottom":"","ocean_display_top_bar":"default","ocean_display_header":"default","ocean_header_style":"","ocean_center_header_left_menu":"","ocean_custom_header_template":"","ocean_custom_logo":0,"ocean_custom_retina_logo":0,"ocean_custom_logo_max_width":0,"ocean_custom_logo_tablet_max_width":0,"ocean_custom_logo_mobile_max_width":0,"ocean_custom_logo_max_height":0,"ocean_custom_logo_tablet_max_height":0,"ocean_custom_logo_mobile_max_height":0,"ocean_header_custom_menu":"","ocean_menu_typo_font_family":"","ocean_menu_typo_font_subset":"","ocean_menu_typo_font_size":0,"ocean_menu_typo_font_size_tablet":0,"ocean_menu_typo_font_size_mobile":0,"ocean_menu_typo_font_size_unit":"px","ocean_menu_typo_font_weight":"","ocean_menu_typo_font_weight_tablet":"","ocean_menu_typo_font_weight_mobile":"","ocean_menu_typo_transform":"","ocean_menu_typo_transform_tablet":"","ocean_menu_typo_transform_mobile":"","ocean_menu_typo_line_height":0,"ocean_menu_typo_line_height_tablet":0,"ocean_menu_typo_line_height_mobile":0,"ocean_menu_typo_line_height_unit":"","ocean_menu_typo_spacing":0,"ocean_menu_typo_spacing_tablet":0,"ocean_menu_typo_spacing_mobile":0,"ocean_menu_typo_spacing_unit":"","ocean_menu_link_color":"","ocean_menu_link_color_hover":"","ocean_menu_link_color_active":"","ocean_menu_link_background":"","ocean_menu_link_hover_background":"","ocean_menu_link_active_background":"","ocean_menu_social_links_bg":"","ocean_menu_social_hover_links_bg":"","ocean_menu_social_links_color":"","ocean_menu_social_hover_links_color":"","ocean_disable_title":"default","ocean_disable_heading":"default","ocean_post_title":"","ocean_post_subheading":"","ocean_post_title_style":"","ocean_post_title_background_color":"","ocean_post_title_background":0,"ocean_post_title_bg_image_position":"","ocean_post_title_bg_image_attachment":"","ocean_post_title_bg_image_repeat":"","ocean_post_title_bg_image_size":"","ocean_post_title_height":0,"ocean_post_title_bg_overlay":0.5,"ocean_post_title_bg_overlay_color":"","ocean_disable_breadcrumbs":"default","ocean_breadcrumbs_color":"","ocean_breadcrumbs_separator_color":"","ocean_breadcrumbs_links_color":"","ocean_breadcrumbs_links_hover_color":"","ocean_display_footer_widgets":"default","ocean_display_footer_bottom":"default","ocean_custom_footer_template":"","omw_enable_modal_window":"enable","_jetpack_memberships_contains_paid_content":false,"ocean_post_oembed":"","ocean_post_self_hosted_media":"","ocean_post_video_embed":"","ocean_link_format":"","ocean_link_format_target":"self","ocean_quote_format":"","ocean_quote_format_link":"post","ocean_gallery_link_images":"on","ocean_gallery_id":[],"footnotes":""},"categories":[26],"tags":[],"class_list":["post-854","post","type-post","status-publish","format-standard","has-post-thumbnail","hentry","category-reflexion","entry","has-media"],"jetpack_featured_media_url":"https:\/\/francaises-ethniques.com\/wp-content\/uploads\/2026\/04\/la-paix-1.png","jetpack_sharing_enabled":true,"_links":{"self":[{"href":"https:\/\/francaises-ethniques.com\/index.php\/wp-json\/wp\/v2\/posts\/854","targetHints":{"allow":["GET"]}}],"collection":[{"href":"https:\/\/francaises-ethniques.com\/index.php\/wp-json\/wp\/v2\/posts"}],"about":[{"href":"https:\/\/francaises-ethniques.com\/index.php\/wp-json\/wp\/v2\/types\/post"}],"author":[{"embeddable":true,"href":"https:\/\/francaises-ethniques.com\/index.php\/wp-json\/wp\/v2\/users\/1"}],"replies":[{"embeddable":true,"href":"https:\/\/francaises-ethniques.com\/index.php\/wp-json\/wp\/v2\/comments?post=854"}],"version-history":[{"count":1,"href":"https:\/\/francaises-ethniques.com\/index.php\/wp-json\/wp\/v2\/posts\/854\/revisions"}],"predecessor-version":[{"id":860,"href":"https:\/\/francaises-ethniques.com\/index.php\/wp-json\/wp\/v2\/posts\/854\/revisions\/860"}],"wp:featuredmedia":[{"embeddable":true,"href":"https:\/\/francaises-ethniques.com\/index.php\/wp-json\/wp\/v2\/media\/857"}],"wp:attachment":[{"href":"https:\/\/francaises-ethniques.com\/index.php\/wp-json\/wp\/v2\/media?parent=854"}],"wp:term":[{"taxonomy":"category","embeddable":true,"href":"https:\/\/francaises-ethniques.com\/index.php\/wp-json\/wp\/v2\/categories?post=854"},{"taxonomy":"post_tag","embeddable":true,"href":"https:\/\/francaises-ethniques.com\/index.php\/wp-json\/wp\/v2\/tags?post=854"}],"curies":[{"name":"wp","href":"https:\/\/api.w.org\/{rel}","templated":true}]}}