{"id":861,"date":"2026-04-28T21:51:35","date_gmt":"2026-04-28T19:51:35","guid":{"rendered":"https:\/\/francaises-ethniques.com\/?p=861"},"modified":"2026-04-28T21:51:35","modified_gmt":"2026-04-28T19:51:35","slug":"canneseries-2026-la-serie-confirme-son-regne-mondial-sur-la-croise","status":"publish","type":"post","link":"https:\/\/francaises-ethniques.com\/index.php\/2026\/04\/28\/canneseries-2026-la-serie-confirme-son-regne-mondial-sur-la-croise\/","title":{"rendered":"CANNESERIES 2026 : la s\u00e9rie confirme son r\u00e8gne mondial sur la Croise"},"content":{"rendered":"<p><img alt=\"\" fetchpriority=\"high\" decoding=\"async\" class=\"size-medium wp-image-867 aligncenter\" src=\"https:\/\/francaises-ethniques.com\/wp-content\/uploads\/2026\/04\/canneseries-2026-300x300.png\" alt=\"\" width=\"300\" height=\"300\" srcset=\"https:\/\/francaises-ethniques.com\/wp-content\/uploads\/2026\/04\/canneseries-2026-300x300.png 300w, https:\/\/francaises-ethniques.com\/wp-content\/uploads\/2026\/04\/canneseries-2026-150x150.png 150w, https:\/\/francaises-ethniques.com\/wp-content\/uploads\/2026\/04\/canneseries-2026.png 512w\" sizes=\"(max-width: 300px) 100vw, 300px\" \/>Du 23 au 28 avril 2026, Cannes troque une nouvelle fois son mythique tapis rouge pour le rose embl\u00e9matique de <a href=\"https:\/\/canneseries.com\/fr\"><strong>CANNESERIES<\/strong><\/a>, devenu en neuf \u00e9ditions un rendez-vous incontournable de la cr\u00e9ation audiovisuelle internationale. Plus qu\u2019un festival, l\u2019\u00e9v\u00e9nement s\u2019impose d\u00e9sormais comme un v\u00e9ritable barom\u00e8tre des mutations culturelles et narratives de notre \u00e9poque.<\/p>\n<h2><strong>Une vitrine mondiale de la cr\u00e9ation contemporaine<\/strong><\/h2>\n<p>Dans un contexte mondial instable, CANNESERIES revendique une ambition forte : capturer \u00ab une photographie en s\u00e9ries du monde dans lequel nous vivons \u00bb . Une ligne \u00e9ditoriale qui se traduit par une programmation dense, exigeante et r\u00e9solument internationale.<\/p>\n<p>Avec <strong>17 territoires repr\u00e9sent\u00e9s<\/strong>, dont certains pour la premi\u00e8re fois comme l\u2019Iran ou l\u2019Autriche, le festival confirme son r\u00f4le de plateforme globale . En six jours, il propose :<\/p>\n<ul>\n<li>3 comp\u00e9titions (s\u00e9ries longues, courtes et documentaires)<\/li>\n<li>26 premi\u00e8res mondiales<\/li>\n<li>plus de 20 \u00e9v\u00e9nements professionnels et rencontres<\/li>\n<\/ul>\n<p>Une diversit\u00e9 qui ne se limite pas aux origines g\u00e9ographiques : genres, formats et r\u00e9cits s\u2019entrecroisent, du thriller parano\u00efaque \u00e0 la com\u00e9die, en passant par les fresques historiques et les r\u00e9cits intimes.<\/p>\n<figure id=\"attachment_866\" aria-describedby=\"caption-attachment-866\" style=\"width: 300px\" class=\"wp-caption alignnone\"><img alt=\"\" decoding=\"async\" class=\"size-medium wp-image-866\" src=\"https:\/\/francaises-ethniques.com\/wp-content\/uploads\/2026\/04\/RICHARD-GADD-300x300.png\" alt=\"\" width=\"300\" height=\"300\" srcset=\"https:\/\/francaises-ethniques.com\/wp-content\/uploads\/2026\/04\/RICHARD-GADD-300x300.png 300w, https:\/\/francaises-ethniques.com\/wp-content\/uploads\/2026\/04\/RICHARD-GADD-150x150.png 150w, https:\/\/francaises-ethniques.com\/wp-content\/uploads\/2026\/04\/RICHARD-GADD.png 512w\" sizes=\"(max-width: 300px) 100vw, 300px\" \/><figcaption id=\"caption-attachment-866\" class=\"wp-caption-text\">Showrunner, sc\u00e9nariste, acteur<\/figcaption><\/figure>\n<h2><strong>Des r\u00e9cits puissants, miroir d\u2019un monde en tension<\/strong><\/h2>\n<p>La s\u00e9lection 2026 frappe par la force de ses th\u00e9matiques. Violence sociale, identit\u00e9, pouvoir, m\u00e9moire ou relations humaines fragiles irriguent les \u0153uvres.<\/p>\n<p>Parmi les temps forts :<\/p>\n<ul>\n<li><strong><em>Half Man<\/em><\/strong>, exploration brutale de la masculinit\u00e9 et de la fraternit\u00e9 sur trois d\u00e9cennies<\/li>\n<li><strong><em>Paris Police 1910<\/em><\/strong>, thriller historique qui revisite les m\u00e9canismes m\u00e9diatiques et judiciaires<\/li>\n<li><strong><em>Prisoner<\/em><\/strong>, s\u00e9rie d\u2019action haletante port\u00e9e par Tahar Rahim<\/li>\n<li><strong><em>Star City<\/em><\/strong>, uchronie captivante sur la conqu\u00eate spatiale vue c\u00f4t\u00e9 sovi\u00e9tique<\/li>\n<\/ul>\n<p>Ces \u0153uvres t\u00e9moignent d\u2019une tendance forte : la s\u00e9rie devient un outil d\u2019analyse du r\u00e9el, capable de d\u00e9crypter les fractures contemporaines tout en captivant un public global.<\/p>\n<h2><strong>Une industrie en pleine mutation, entre IA et nouveaux formats<\/strong><\/h2>\n<p>Au-del\u00e0 des projections, CANNESERIES affirme sa dimension strat\u00e9gique avec <strong>CANNESERIES Industry<\/strong>, espace de r\u00e9flexion sur les transformations du secteur.<\/p>\n<p>Parmi les enjeux majeurs :<\/p>\n<ul>\n<li>l\u2019\u00e9mergence du <strong>format vertical<\/strong><\/li>\n<li>l\u2019int\u00e9gration croissante de <strong>l\u2019intelligence artificielle<\/strong> dans la cr\u00e9ation<\/li>\n<\/ul>\n<p>Ces \u00e9volutions confirment une chose : la s\u00e9rie n\u2019est plus seulement un produit culturel, mais un laboratoire d\u2019innovation narrative et technologique.<\/p>\n<figure id=\"attachment_865\" aria-describedby=\"caption-attachment-865\" style=\"width: 300px\" class=\"wp-caption alignnone\"><img alt=\"\" decoding=\"async\" class=\"size-medium wp-image-865\" src=\"https:\/\/francaises-ethniques.com\/wp-content\/uploads\/2026\/04\/JISOO-300x300.png\" alt=\"\" width=\"300\" height=\"300\" srcset=\"https:\/\/francaises-ethniques.com\/wp-content\/uploads\/2026\/04\/JISOO-300x300.png 300w, https:\/\/francaises-ethniques.com\/wp-content\/uploads\/2026\/04\/JISOO-150x150.png 150w, https:\/\/francaises-ethniques.com\/wp-content\/uploads\/2026\/04\/JISOO.png 512w\" sizes=\"(max-width: 300px) 100vw, 300px\" \/><figcaption id=\"caption-attachment-865\" class=\"wp-caption-text\">Actrice, chanteuse REMISE DU PRIX Award Ceremony<\/figcaption><\/figure>\n<h2><strong>Stars internationales et talents \u00e9mergents r\u00e9unis<\/strong><\/h2>\n<p>L\u2019\u00e9dition 2026 brille \u00e9galement par son casting. La star mondiale <strong>JISOO<\/strong> re\u00e7oit le Madame Figaro Rising Star Award, symbole de l\u2019influence croissante de l\u2019industrie cor\u00e9enne .<\/p>\n<p>Autre moment fort : le <strong>CANAL+ Icon Award<\/strong> d\u00e9cern\u00e9 \u00e0 Adam Scott, figure majeure de la t\u00e9l\u00e9vision contemporaine.<\/p>\n<p>Le festival cultive ainsi un \u00e9quilibre subtil entre reconnaissance des talents confirm\u00e9s et mise en lumi\u00e8re de nouvelles voix.<\/p>\n<h2><strong>Un festival populaire, ouvert et f\u00e9d\u00e9rateur<\/strong><\/h2>\n<p>CANNESERIES revendique une singularit\u00e9 forte : celle d\u2019un festival <strong>accessible \u00e0 tous<\/strong>, avec des projections gratuites et une volont\u00e9 assum\u00e9e de rassembler professionnels, grand public et jeunes g\u00e9n\u00e9rations .<\/p>\n<p>Dans une industrie parfois per\u00e7ue comme \u00e9litiste, cette ouverture constitue un marqueur diff\u00e9renciant majeur.<\/p>\n<h2><strong>La s\u00e9rie, nouveau c\u0153ur battant de l\u2019audiovisuel<\/strong><\/h2>\n<p>Longtemps consid\u00e9r\u00e9e comme un format secondaire face au cin\u00e9ma, la s\u00e9rie s\u2019impose aujourd\u2019hui comme un espace central de cr\u00e9ation et d\u2019exp\u00e9rimentation.<\/p>\n<p>Comme le souligne le maire de Cannes, \u00ab la s\u00e9rie est devenue une vitrine mondiale de la cr\u00e9ativit\u00e9 et de l\u2019audace \u00bb .<\/p>\n<p>CANNESERIES 2026 en apporte une d\u00e9monstration \u00e9clatante : plus qu\u2019un festival, c\u2019est un lieu o\u00f9 se raconte \u2014 et se construit \u2014 le monde de demain.<\/p>\n<p><img alt=\"\" loading=\"lazy\" decoding=\"async\" class=\"alignnone size-medium wp-image-864\" src=\"https:\/\/francaises-ethniques.com\/wp-content\/uploads\/2026\/04\/ADAM-SCOTT-300x300.png\" alt=\"\" width=\"300\" height=\"300\" srcset=\"https:\/\/francaises-ethniques.com\/wp-content\/uploads\/2026\/04\/ADAM-SCOTT-300x300.png 300w, https:\/\/francaises-ethniques.com\/wp-content\/uploads\/2026\/04\/ADAM-SCOTT-150x150.png 150w, https:\/\/francaises-ethniques.com\/wp-content\/uploads\/2026\/04\/ADAM-SCOTT.png 512w\" sizes=\"(max-width: 300px) 100vw, 300px\" \/><\/p>\n<p>Photo d&rsquo;Adam Scott mise en avant<\/p>\n<p>Conversation avec\/with Adam Scott \u00a9Leigh Keily<\/p>\n<p>Adam Scott tient le r\u00f4le principal de la s\u00e9rie Apple TV+ nomm\u00e9e aux Emmy Awards, SEVERANCE, dont il est \u00e9galement producteur ex\u00e9cutif. Il a re\u00e7u, pour sa performance dans les deux premi\u00e8res saisons de la s\u00e9rie, deux nominations aux Emmys, aux Golden Globes, aux Critics\u2019 Choice Award, trois prix aux Actor Awards ainsi qu\u2019une nomination aux Film Independent Spirit Awards. En parall\u00e8le de la s\u00e9rie, il co-anime le podcast The Severance Podcast with Ben Stiller and Adam Scott, qu\u2019il produit via sa soci\u00e9t\u00e9 Great Scott Productions. Il sera prochainement \u00e0 l\u2019affiche du film d\u2019horreur surnaturel distribu\u00e9 par NEON, HOKUM, pr\u00e9sent\u00e9 en avant-premi\u00e8re au festival SXSW 2026 et dont la sortie en salle est pr\u00e9vue le 1er mai 2026. Parmi ses prochains projets, on retrouve \u00e9galement le film Netflix THE WHISPER MAN, dans lequel il partagera l\u2019\u00e9cran avec Robert De Niro, Michelle Monaghan et Michael Keaton, ainsi que le film THE SAVIORS, qu\u2019il a produit et o\u00f9 il jouera aux c\u00f4t\u00e9s de Danielle Deadwyler et Greg Kinnear. Ce dernier a aussi \u00e9t\u00e9 pr\u00e9sent\u00e9 au festival SXSW.<\/p>\n<p>Adam Scott stars in the Emmy-nominated Apple TV+ series, SEVERANCE, which he serves as executive producer. For his performance in the first two seasons, he received two Emmy nominations, two Golden Globe Award nominations, two Critics&rsquo; Choice Award nominations, three Actor Awards, and a Film Independent Spirit Award nomination. As a companion to the series, Scott co-hosts The Severance Podcast with Ben Stiller and Adam Scott, that he produces through his Great Scott Productions. Next, Scott will star in NEON&rsquo;s supernatural horror film HOKUM, which premiered at the 2026 SXSW Film Festival and will be released in theaters on May 1st, 2026. Additionally, he will star in the upcoming Netflix film, THE WHISPER MAN opposite Robert De Niro, Michelle Monaghan and Michael Keaton; and will star opposite Danielle Dead wyler and Greg Kinnear in THE SAVIORS which Scott produced through Great Scott Productions\u2013and has premiered at SXSW.<\/p>\n","protected":false},"excerpt":{"rendered":"<p>Du 23 au 28 avril 2026, Cannes troque une nouvelle fois son mythique tapis rouge pour le rose embl\u00e9matique de CANNESERIES, devenu en neuf \u00e9ditions un rendez-vous incontournable de la cr\u00e9ation audiovisuelle internationale. Plus qu\u2019un festival, l\u2019\u00e9v\u00e9nement s\u2019impose d\u00e9sormais comme un v\u00e9ritable barom\u00e8tre des mutations culturelles et narratives de notre \u00e9poque. Une vitrine mondiale de [&hellip;]<\/p>\n","protected":false},"author":1,"featured_media":864,"comment_status":"open","ping_status":"open","sticky":false,"template":"","format":"standard","meta":{"_seopress_robots_primary_cat":"none","_seopress_titles_title":"","_seopress_titles_desc":"","_seopress_robots_index":"","ocean_post_layout":"","ocean_both_sidebars_style":"","ocean_both_sidebars_content_width":0,"ocean_both_sidebars_sidebars_width":0,"ocean_sidebar":"0","ocean_second_sidebar":"0","ocean_disable_margins":"enable","ocean_add_body_class":"","ocean_shortcode_before_top_bar":"","ocean_shortcode_after_top_bar":"","ocean_shortcode_before_header":"","ocean_shortcode_after_header":"","ocean_has_shortcode":"","ocean_shortcode_after_title":"","ocean_shortcode_before_footer_widgets":"","ocean_shortcode_after_footer_widgets":"","ocean_shortcode_before_footer_bottom":"","ocean_shortcode_after_footer_bottom":"","ocean_display_top_bar":"default","ocean_display_header":"default","ocean_header_style":"","ocean_center_header_left_menu":"0","ocean_custom_header_template":"0","ocean_custom_logo":0,"ocean_custom_retina_logo":0,"ocean_custom_logo_max_width":0,"ocean_custom_logo_tablet_max_width":0,"ocean_custom_logo_mobile_max_width":0,"ocean_custom_logo_max_height":0,"ocean_custom_logo_tablet_max_height":0,"ocean_custom_logo_mobile_max_height":0,"ocean_header_custom_menu":"0","ocean_menu_typo_font_family":"0","ocean_menu_typo_font_subset":"","ocean_menu_typo_font_size":0,"ocean_menu_typo_font_size_tablet":0,"ocean_menu_typo_font_size_mobile":0,"ocean_menu_typo_font_size_unit":"px","ocean_menu_typo_font_weight":"","ocean_menu_typo_font_weight_tablet":"","ocean_menu_typo_font_weight_mobile":"","ocean_menu_typo_transform":"","ocean_menu_typo_transform_tablet":"","ocean_menu_typo_transform_mobile":"","ocean_menu_typo_line_height":0,"ocean_menu_typo_line_height_tablet":0,"ocean_menu_typo_line_height_mobile":0,"ocean_menu_typo_line_height_unit":"","ocean_menu_typo_spacing":0,"ocean_menu_typo_spacing_tablet":0,"ocean_menu_typo_spacing_mobile":0,"ocean_menu_typo_spacing_unit":"","ocean_menu_link_color":"","ocean_menu_link_color_hover":"","ocean_menu_link_color_active":"","ocean_menu_link_background":"","ocean_menu_link_hover_background":"","ocean_menu_link_active_background":"","ocean_menu_social_links_bg":"","ocean_menu_social_hover_links_bg":"","ocean_menu_social_links_color":"","ocean_menu_social_hover_links_color":"","ocean_disable_title":"default","ocean_disable_heading":"default","ocean_post_title":"","ocean_post_subheading":"","ocean_post_title_style":"","ocean_post_title_background_color":"","ocean_post_title_background":0,"ocean_post_title_bg_image_position":"","ocean_post_title_bg_image_attachment":"","ocean_post_title_bg_image_repeat":"","ocean_post_title_bg_image_size":"","ocean_post_title_height":0,"ocean_post_title_bg_overlay":0.5,"ocean_post_title_bg_overlay_color":"","ocean_disable_breadcrumbs":"default","ocean_breadcrumbs_color":"","ocean_breadcrumbs_separator_color":"","ocean_breadcrumbs_links_color":"","ocean_breadcrumbs_links_hover_color":"","ocean_display_footer_widgets":"default","ocean_display_footer_bottom":"default","ocean_custom_footer_template":"0","omw_enable_modal_window":"enable","_jetpack_memberships_contains_paid_content":false,"ocean_post_oembed":"","ocean_post_self_hosted_media":"","ocean_post_video_embed":"","ocean_link_format":"","ocean_link_format_target":"self","ocean_quote_format":"","ocean_quote_format_link":"post","ocean_gallery_link_images":"on","ocean_gallery_id":[],"footnotes":""},"categories":[1],"tags":[],"class_list":["post-861","post","type-post","status-publish","format-standard","has-post-thumbnail","hentry","category-non-classe","entry","has-media"],"jetpack_featured_media_url":"https:\/\/francaises-ethniques.com\/wp-content\/uploads\/2026\/04\/ADAM-SCOTT.png","jetpack_sharing_enabled":true,"_links":{"self":[{"href":"https:\/\/francaises-ethniques.com\/index.php\/wp-json\/wp\/v2\/posts\/861","targetHints":{"allow":["GET"]}}],"collection":[{"href":"https:\/\/francaises-ethniques.com\/index.php\/wp-json\/wp\/v2\/posts"}],"about":[{"href":"https:\/\/francaises-ethniques.com\/index.php\/wp-json\/wp\/v2\/types\/post"}],"author":[{"embeddable":true,"href":"https:\/\/francaises-ethniques.com\/index.php\/wp-json\/wp\/v2\/users\/1"}],"replies":[{"embeddable":true,"href":"https:\/\/francaises-ethniques.com\/index.php\/wp-json\/wp\/v2\/comments?post=861"}],"version-history":[{"count":1,"href":"https:\/\/francaises-ethniques.com\/index.php\/wp-json\/wp\/v2\/posts\/861\/revisions"}],"predecessor-version":[{"id":868,"href":"https:\/\/francaises-ethniques.com\/index.php\/wp-json\/wp\/v2\/posts\/861\/revisions\/868"}],"wp:featuredmedia":[{"embeddable":true,"href":"https:\/\/francaises-ethniques.com\/index.php\/wp-json\/wp\/v2\/media\/864"}],"wp:attachment":[{"href":"https:\/\/francaises-ethniques.com\/index.php\/wp-json\/wp\/v2\/media?parent=861"}],"wp:term":[{"taxonomy":"category","embeddable":true,"href":"https:\/\/francaises-ethniques.com\/index.php\/wp-json\/wp\/v2\/categories?post=861"},{"taxonomy":"post_tag","embeddable":true,"href":"https:\/\/francaises-ethniques.com\/index.php\/wp-json\/wp\/v2\/tags?post=861"}],"curies":[{"name":"wp","href":"https:\/\/api.w.org\/{rel}","templated":true}]}}